{"id":4245,"date":"2025-04-15T10:17:17","date_gmt":"2025-04-15T10:17:17","guid":{"rendered":"https:\/\/etudiantscanadiens.org\/?p=4245"},"modified":"2025-12-02T17:47:00","modified_gmt":"2025-12-02T17:47:00","slug":"femmes-inspirantes-2025-an-evening-under-the-sign-of-audacity","status":"publish","type":"post","link":"https:\/\/etudiantscanadiens.org\/en\/femmes-inspirantes-2025-an-evening-under-the-sign-of-audacity\/","title":{"rendered":"Femmes Inspirantes 2025 &#8211; An Evening Under the Sign of Audacity"},"content":{"rendered":"\n<p>March 5 saw the 3rd\u1d49 edition of Femmes Inspirantes, our annual event dedicated to spotlighting female leadership.<\/p>\n\n\n\n<p>This unique evening, organized in a friendly and caring atmosphere, enabled participants to share a meal and privileged exchanges with our guests of honor. Together, they spoke sincerely about their careers, their commitments, the challenges facing women in the workplace &#8211; and above all, what drives them to dare.<\/p>\n\n\n\n<p>It was a moment of great emotion, reflection and human connection, which once again demonstrated the richness and diversity of women&#8217;s careers in today&#8217;s world.<\/p>\n\n\n\n<p>A huge thank you to our 2025 godmother, V\u00e9ronique B\u00e9dague, for her inspiring presence, and to all the women who made the evening so unforgettable:<br>C\u00e9line Decollonge, V\u00e9ronique Favier, Mathilde Charrier, B\u00e9atrice P\u00e9rez, Nathalie Bondil, Sylviane Tarsot-Gillery, Yilin Wang, Sylvie Retailleau, Laurence Marion, Naida Drif-Lamia, Madeleine Chenette, H\u00e9l\u00e8ne Viau, Oana Besnea, Clotilde Leguil, Julie Meunier, Marie Fabbri, Monique Gr\u00e9goire, Ilaria Lenzi, Tonje Thoresen, Nathalie Lesage, and the Canadian Embassy in France.<\/p>\n\n\n\n<p>A big bravo also to the organizing committee, our hosts and hostesses, and our partners for their invaluable support:<br>Fondation Arts et M\u00e9tiers, Maison de l&#8217;Italie, AgroParisTech, DIRE &#8211; Donne Italiane Rete Estera &#8211; Parigi, the Cit\u00e9 internationale universitaire de Paris, and the Fondation Biermans-Lap\u00f4tre &#8211; Cit\u00e9 internationale universitaire de Paris, who warmly welcomed us.<\/p>\n\n\n\n<p>Femmes Inspirantes is much more than an event: it&#8217;s an impetus, a community, an invitation to believe in oneself and chart one&#8217;s own course.<\/p>\n\n\n\n<p>Until next year, when we&#8217;ll continue to dare, together.<\/p>\n\n\n\n<figure class=\"wp-block-embed is-type-video is-provider-youtube wp-block-embed-youtube wp-embed-aspect-16-9 wp-has-aspect-ratio\"><div class=\"wp-block-embed__wrapper\">\n<iframe loading=\"lazy\" title=\"Femmes inspirantes 2025\" width=\"500\" height=\"281\" src=\"https:\/\/www.youtube.com\/embed\/6lzyb400RNU?feature=oembed\" frameborder=\"0\" allow=\"accelerometer; autoplay; clipboard-write; encrypted-media; gyroscope; picture-in-picture; web-share\" referrerpolicy=\"strict-origin-when-cross-origin\" allowfullscreen><\/iframe>\n<\/div><\/figure>\n","protected":false},"excerpt":{"rendered":"<p>March 5 saw the 3rd\u1d49 edition of Femmes Inspirantes, our annual event dedicated to spotlighting female leadership. This unique evening, organized in a friendly and caring atmosphere, enabled participants to share a meal and privileged exchanges with our guests of honor. Together, they spoke sincerely about their careers, their commitments, the challenges facing women in [&hellip;]<\/p>\n","protected":false},"author":3,"featured_media":3896,"comment_status":"open","ping_status":"open","sticky":false,"template":"","format":"standard","meta":[],"categories":[3],"tags":[],"yoast_head":"<!-- This site is optimized with the Yoast SEO plugin v17.1 - https:\/\/yoast.com\/wordpress\/plugins\/seo\/ -->\n<title>Femmes Inspirantes 2025 - An Evening Under the Sign of Audacity - MEC<\/title>\n<meta name=\"robots\" content=\"index, follow, max-snippet:-1, max-image-preview:large, max-video-preview:-1\" \/>\n<link rel=\"canonical\" href=\"https:\/\/etudiantscanadiens.org\/en\/femmes-inspirantes-2025-an-evening-under-the-sign-of-audacity\/\" \/>\n<meta property=\"og:locale\" content=\"en_US\" \/>\n<meta property=\"og:type\" content=\"article\" \/>\n<meta property=\"og:title\" content=\"Femmes Inspirantes 2025 - An Evening Under the Sign of Audacity - MEC\" \/>\n<meta property=\"og:description\" content=\"March 5 saw the 3rd\u1d49 edition of Femmes Inspirantes, our annual event dedicated to spotlighting female leadership. This unique evening, organized in a friendly and caring atmosphere, enabled participants to share a meal and privileged exchanges with our guests of honor. Together, they spoke sincerely about their careers, their commitments, the challenges facing women in [&hellip;]\" \/>\n<meta property=\"og:url\" content=\"https:\/\/etudiantscanadiens.org\/en\/femmes-inspirantes-2025-an-evening-under-the-sign-of-audacity\/\" \/>\n<meta property=\"og:site_name\" content=\"MEC\" \/>\n<meta property=\"article:published_time\" content=\"2025-04-15T10:17:17+00:00\" \/>\n<meta property=\"article:modified_time\" content=\"2025-12-02T17:47:00+00:00\" \/>\n<meta property=\"og:image\" content=\"https:\/\/etudiantscanadiens.org\/app\/uploads\/2025\/04\/img_5604.jpg\" \/>\n\t<meta property=\"og:image:width\" content=\"2200\" \/>\n\t<meta property=\"og:image:height\" content=\"1467\" \/>\n<meta name=\"twitter:card\" content=\"summary_large_image\" \/>\n<meta name=\"twitter:label1\" content=\"Written by\" \/>\n\t<meta name=\"twitter:data1\" content=\"mec\" \/>\n\t<meta name=\"twitter:label2\" content=\"Est. reading time\" \/>\n\t<meta name=\"twitter:data2\" content=\"2 minutes\" \/>\n<script type=\"application\/ld+json\" class=\"yoast-schema-graph\">{\"@context\":\"https:\/\/schema.org\",\"@graph\":[{\"@type\":\"WebSite\",\"@id\":\"https:\/\/etudiantscanadiens.org\/#website\",\"url\":\"https:\/\/etudiantscanadiens.org\/\",\"name\":\"Webit Starter\",\"description\":\"Maison des \\u00e9tudiants Canadiens\",\"potentialAction\":[{\"@type\":\"SearchAction\",\"target\":{\"@type\":\"EntryPoint\",\"urlTemplate\":\"https:\/\/etudiantscanadiens.org\/?s={search_term_string}\"},\"query-input\":\"required name=search_term_string\"}],\"inLanguage\":\"en-US\"},{\"@type\":\"ImageObject\",\"@id\":\"https:\/\/etudiantscanadiens.org\/en\/femmes-inspirantes-2025-an-evening-under-the-sign-of-audacity\/#primaryimage\",\"inLanguage\":\"en-US\",\"url\":\"https:\/\/etudiantscanadiens.org\/app\/uploads\/2025\/04\/img_5604.jpg\",\"contentUrl\":\"https:\/\/etudiantscanadiens.org\/app\/uploads\/2025\/04\/img_5604.jpg\",\"width\":2200,\"height\":1467},{\"@type\":\"WebPage\",\"@id\":\"https:\/\/etudiantscanadiens.org\/en\/femmes-inspirantes-2025-an-evening-under-the-sign-of-audacity\/#webpage\",\"url\":\"https:\/\/etudiantscanadiens.org\/en\/femmes-inspirantes-2025-an-evening-under-the-sign-of-audacity\/\",\"name\":\"Femmes Inspirantes 2025 - An Evening Under the Sign of Audacity - MEC\",\"isPartOf\":{\"@id\":\"https:\/\/etudiantscanadiens.org\/#website\"},\"primaryImageOfPage\":{\"@id\":\"https:\/\/etudiantscanadiens.org\/en\/femmes-inspirantes-2025-an-evening-under-the-sign-of-audacity\/#primaryimage\"},\"datePublished\":\"2025-04-15T10:17:17+00:00\",\"dateModified\":\"2025-12-02T17:47:00+00:00\",\"author\":{\"@id\":\"https:\/\/etudiantscanadiens.org\/#\/schema\/person\/0b7002ce71165df71b0ecb4bcfb2d971\"},\"breadcrumb\":{\"@id\":\"https:\/\/etudiantscanadiens.org\/en\/femmes-inspirantes-2025-an-evening-under-the-sign-of-audacity\/#breadcrumb\"},\"inLanguage\":\"en-US\",\"potentialAction\":[{\"@type\":\"ReadAction\",\"target\":[\"https:\/\/etudiantscanadiens.org\/en\/femmes-inspirantes-2025-an-evening-under-the-sign-of-audacity\/\"]}]},{\"@type\":\"BreadcrumbList\",\"@id\":\"https:\/\/etudiantscanadiens.org\/en\/femmes-inspirantes-2025-an-evening-under-the-sign-of-audacity\/#breadcrumb\",\"itemListElement\":[{\"@type\":\"ListItem\",\"position\":1,\"name\":\"Accueil\",\"item\":\"https:\/\/etudiantscanadiens.org\/en\/\"},{\"@type\":\"ListItem\",\"position\":2,\"name\":\"Femmes Inspirantes 2025 &#8211; An Evening Under the Sign of Audacity\"}]},{\"@type\":\"Person\",\"@id\":\"https:\/\/etudiantscanadiens.org\/#\/schema\/person\/0b7002ce71165df71b0ecb4bcfb2d971\",\"name\":\"mec\",\"image\":{\"@type\":\"ImageObject\",\"@id\":\"https:\/\/etudiantscanadiens.org\/#personlogo\",\"inLanguage\":\"en-US\",\"url\":\"https:\/\/secure.gravatar.com\/avatar\/df41d698e822ca0c613b6fc7b66957ce?s=96&d=mm&r=g\",\"contentUrl\":\"https:\/\/secure.gravatar.com\/avatar\/df41d698e822ca0c613b6fc7b66957ce?s=96&d=mm&r=g\",\"caption\":\"mec\"}}]}<\/script>\n<!-- \/ Yoast SEO plugin. -->","yoast_head_json":{"title":"Femmes Inspirantes 2025 - An Evening Under the Sign of Audacity - MEC","robots":{"index":"index","follow":"follow","max-snippet":"max-snippet:-1","max-image-preview":"max-image-preview:large","max-video-preview":"max-video-preview:-1"},"canonical":"https:\/\/etudiantscanadiens.org\/en\/femmes-inspirantes-2025-an-evening-under-the-sign-of-audacity\/","og_locale":"en_US","og_type":"article","og_title":"Femmes Inspirantes 2025 - An Evening Under the Sign of Audacity - MEC","og_description":"March 5 saw the 3rd\u1d49 edition of Femmes Inspirantes, our annual event dedicated to spotlighting female leadership. This unique evening, organized in a friendly and caring atmosphere, enabled participants to share a meal and privileged exchanges with our guests of honor. Together, they spoke sincerely about their careers, their commitments, the challenges facing women in [&hellip;]","og_url":"https:\/\/etudiantscanadiens.org\/en\/femmes-inspirantes-2025-an-evening-under-the-sign-of-audacity\/","og_site_name":"MEC","article_published_time":"2025-04-15T10:17:17+00:00","article_modified_time":"2025-12-02T17:47:00+00:00","og_image":[{"width":2200,"height":1467,"url":"https:\/\/etudiantscanadiens.org\/app\/uploads\/2025\/04\/img_5604.jpg","path":"\/srv\/data\/web\/vhosts\/etudiantscanadiens.org\/web\/app\/uploads\/2025\/04\/img_5604.jpg","size":"full","id":3896,"alt":"","pixels":3227400,"type":"image\/jpeg"}],"twitter_card":"summary_large_image","twitter_misc":{"Written by":"mec","Est. reading time":"2 minutes"},"schema":{"@context":"https:\/\/schema.org","@graph":[{"@type":"WebSite","@id":"https:\/\/etudiantscanadiens.org\/#website","url":"https:\/\/etudiantscanadiens.org\/","name":"Webit Starter","description":"Maison des \u00e9tudiants Canadiens","potentialAction":[{"@type":"SearchAction","target":{"@type":"EntryPoint","urlTemplate":"https:\/\/etudiantscanadiens.org\/?s={search_term_string}"},"query-input":"required name=search_term_string"}],"inLanguage":"en-US"},{"@type":"ImageObject","@id":"https:\/\/etudiantscanadiens.org\/en\/femmes-inspirantes-2025-an-evening-under-the-sign-of-audacity\/#primaryimage","inLanguage":"en-US","url":"https:\/\/etudiantscanadiens.org\/app\/uploads\/2025\/04\/img_5604.jpg","contentUrl":"https:\/\/etudiantscanadiens.org\/app\/uploads\/2025\/04\/img_5604.jpg","width":2200,"height":1467},{"@type":"WebPage","@id":"https:\/\/etudiantscanadiens.org\/en\/femmes-inspirantes-2025-an-evening-under-the-sign-of-audacity\/#webpage","url":"https:\/\/etudiantscanadiens.org\/en\/femmes-inspirantes-2025-an-evening-under-the-sign-of-audacity\/","name":"Femmes Inspirantes 2025 - An Evening Under the Sign of Audacity - MEC","isPartOf":{"@id":"https:\/\/etudiantscanadiens.org\/#website"},"primaryImageOfPage":{"@id":"https:\/\/etudiantscanadiens.org\/en\/femmes-inspirantes-2025-an-evening-under-the-sign-of-audacity\/#primaryimage"},"datePublished":"2025-04-15T10:17:17+00:00","dateModified":"2025-12-02T17:47:00+00:00","author":{"@id":"https:\/\/etudiantscanadiens.org\/#\/schema\/person\/0b7002ce71165df71b0ecb4bcfb2d971"},"breadcrumb":{"@id":"https:\/\/etudiantscanadiens.org\/en\/femmes-inspirantes-2025-an-evening-under-the-sign-of-audacity\/#breadcrumb"},"inLanguage":"en-US","potentialAction":[{"@type":"ReadAction","target":["https:\/\/etudiantscanadiens.org\/en\/femmes-inspirantes-2025-an-evening-under-the-sign-of-audacity\/"]}]},{"@type":"BreadcrumbList","@id":"https:\/\/etudiantscanadiens.org\/en\/femmes-inspirantes-2025-an-evening-under-the-sign-of-audacity\/#breadcrumb","itemListElement":[{"@type":"ListItem","position":1,"name":"Accueil","item":"https:\/\/etudiantscanadiens.org\/en\/"},{"@type":"ListItem","position":2,"name":"Femmes Inspirantes 2025 &#8211; An Evening Under the Sign of Audacity"}]},{"@type":"Person","@id":"https:\/\/etudiantscanadiens.org\/#\/schema\/person\/0b7002ce71165df71b0ecb4bcfb2d971","name":"mec","image":{"@type":"ImageObject","@id":"https:\/\/etudiantscanadiens.org\/#personlogo","inLanguage":"en-US","url":"https:\/\/secure.gravatar.com\/avatar\/df41d698e822ca0c613b6fc7b66957ce?s=96&d=mm&r=g","contentUrl":"https:\/\/secure.gravatar.com\/avatar\/df41d698e822ca0c613b6fc7b66957ce?s=96&d=mm&r=g","caption":"mec"}}]}},"_links":{"self":[{"href":"https:\/\/etudiantscanadiens.org\/en\/wp-json\/wp\/v2\/posts\/4245"}],"collection":[{"href":"https:\/\/etudiantscanadiens.org\/en\/wp-json\/wp\/v2\/posts"}],"about":[{"href":"https:\/\/etudiantscanadiens.org\/en\/wp-json\/wp\/v2\/types\/post"}],"author":[{"embeddable":true,"href":"https:\/\/etudiantscanadiens.org\/en\/wp-json\/wp\/v2\/users\/3"}],"replies":[{"embeddable":true,"href":"https:\/\/etudiantscanadiens.org\/en\/wp-json\/wp\/v2\/comments?post=4245"}],"version-history":[{"count":2,"href":"https:\/\/etudiantscanadiens.org\/en\/wp-json\/wp\/v2\/posts\/4245\/revisions"}],"predecessor-version":[{"id":5997,"href":"https:\/\/etudiantscanadiens.org\/en\/wp-json\/wp\/v2\/posts\/4245\/revisions\/5997"}],"wp:featuredmedia":[{"embeddable":true,"href":"https:\/\/etudiantscanadiens.org\/en\/wp-json\/wp\/v2\/media\/3896"}],"wp:attachment":[{"href":"https:\/\/etudiantscanadiens.org\/en\/wp-json\/wp\/v2\/media?parent=4245"}],"wp:term":[{"taxonomy":"category","embeddable":true,"href":"https:\/\/etudiantscanadiens.org\/en\/wp-json\/wp\/v2\/categories?post=4245"},{"taxonomy":"post_tag","embeddable":true,"href":"https:\/\/etudiantscanadiens.org\/en\/wp-json\/wp\/v2\/tags?post=4245"}],"curies":[{"name":"wp","href":"https:\/\/api.w.org\/{rel}","templated":true}]}}